{"id":91,"date":"2020-09-29T14:48:27","date_gmt":"2020-09-29T12:48:27","guid":{"rendered":"http:\/\/www.amicidisanrocco.it\/it\/?p=91"},"modified":"2020-09-29T14:51:45","modified_gmt":"2020-09-29T12:51:45","slug":"san-rocco-un-santo-per-amico-il-nuovo-libro-di-fratel-costantino-de-bellis","status":"publish","type":"post","link":"https:\/\/www.amicidisanrocco.it\/it\/san-rocco-un-santo-per-amico-il-nuovo-libro-di-fratel-costantino-de-bellis\/","title":{"rendered":"\u2018San Rocco, un santo per amico\u2026\u2019, il nuovo libro di fratel Costantino De Bellis"},"content":{"rendered":"\n<p><em>Fratel Costantino De Bellis, procuratore europeo dell\u2019<a href=\"https:\/\/www.facebook.com\/AssociazioneEuropeaAmiciDiSanRocco\/\" target=\"_blank\" rel=\"noreferrer noopener\"><strong>Associazione Amici di San Rocco<\/strong><\/a>, ha pubblicato uno splendido libro sulla storia, il culto e la devozione di San Rocco. Ecco cosa ci ha raccontato.<\/em><\/p>\n\n\n\n<p>La passione per i libri \u00e8 passione per l\u2019amore e per le relazioni, per le idee e per la libert\u00e0, per il pensiero e per i sentimenti: in una parola, per la vita. Perch\u00e9 \u2013 come scriveva St\u00e9phane Mallarm\u00e9 \u2013 \u201cil mondo, alla fine, \u00e8 fatto per finire in un bel libro\u201d. Abbiamo scelto cento frasi famose (e anzi, alla fine, qualcuna di pi\u00f9) che raccontano questo amore per la vita e per i libri. Leggere \u00e8 come pensare, come pregare, come parlare con un amico caro, come esperte le tue idee, come ascoltare gli altri, come contemplare un paesaggio, come fare una passeggiata in questo nostro amato mondo.<\/p>\n\n\n\n<p>Il mio nuovo libro sull\u2019araldo &nbsp;della carit\u00e0&nbsp;<strong>San Rocco<\/strong>, sia un mezzo per poter comunicare tra il cielo e la terra, e provare ad assaporare le bellezze che il Signore pu\u00f2 compiere in ognuno di noi rendendoci Santi. Dopo vari anni di lavoro e ricerche \u00e8 finalmente uscita la nuova edizione di questo nuovo libro, quale modesto contributo per far conoscere il grande Santo della carit\u00e0 nella sua semplicit\u00e0 e nella sua spiritualit\u00e0 e con San Rocco portare i suoi amici e devoti a lodare il Signore datore della santit\u00e0 .<\/p>\n\n\n\n<p>Il mio primo pensiero in questo pera va alle persone care che non ci sono pi\u00f9, il mio caro pap\u00e0&nbsp;<strong>Cosimo<\/strong>, il nostro amato Vescovo&nbsp;<strong>Pietro Farina<\/strong>,&nbsp;<strong>Mons. Manlio Achilli<\/strong>, il mio Amici&nbsp;<strong>Salvatore&nbsp;<\/strong>e tutti gli amici di&nbsp;<strong>San Rocco<\/strong>&nbsp;che ora vivono della bellezza del paradiso .<\/p>\n\n\n\n<p>Ringrazio quanti sono stati vicini e hanno condiviso con me le fatiche e l\u2019impegno nelle ricerche e nella correzione dei testi del presente libro, grazie a Fernanda Petrillo, Michela Ricci, la dottoressa Ermelinda Acquaro.<\/p>\n\n\n\n<p>Grazie infinite al Vescovo di Ascoli Piceno<strong>&nbsp;S E. Mons. Giovanni D\u2019Ercole<\/strong>&nbsp;per la bellissima presentazione.<\/p>\n\n\n\n<p>Grazie al nostro insostituibile e carissimo&nbsp;<strong>mons. Filippo Tucci<\/strong>&nbsp;che da 21 anni e la nostro fianco, grazie al Vescovo &nbsp;<strong>SE mons. Domenico Sigalini<\/strong>&nbsp;e&nbsp;<strong>Mons Gianfranco Girotti<\/strong>&nbsp;guide ed assistenti spirituali dell\u2019<strong>Associazione Europea Amici di San Rocco<\/strong>.<\/p>\n\n\n\n<p>In particolare modo saluto e ringrazio in gruppi associati che hanno sostenuto in parte la stampa del libro, Valenzano BA, Capriati a Volturno Ce, Sezze Lt, San Constantino Calabro VV, Piana Battolla Sp, Pietramelara Ce, Arlena di Castro Vt.<\/p>\n\n\n\n<p>Il mio ultimo ecsentito grazie va ora a tutti voi amici di San Rocco che avrete tra le mani questo libro : il mio augurio \u00e8 che la lettura di questo lavoro rafforzi in noi l\u2019affetto , la fede , la speranza e la carit\u00e0 , cos\u00ec ripecchiandoci in San Rocco emerga la nostra santit\u00e0.<\/p>\n\n\n\n<p>Chi fosse interessato a ricevere il libro mi contatti su fb oppure al sito compila questo modulo\u00a0o al numero 3386627422.<\/p>\n\n\n\n<figure class=\"wp-block-image size-large\"><img fetchpriority=\"high\" decoding=\"async\" width=\"664\" height=\"960\" src=\"http:\/\/www.amicidisanrocco.it\/it\/wp-content\/uploads\/2020\/09\/fratel-costantino-con-il-nuovo-libro.jpg\" alt=\"\" class=\"wp-image-96\" srcset=\"https:\/\/www.amicidisanrocco.it\/it\/wp-content\/uploads\/2020\/09\/fratel-costantino-con-il-nuovo-libro.jpg 664w, https:\/\/www.amicidisanrocco.it\/it\/wp-content\/uploads\/2020\/09\/fratel-costantino-con-il-nuovo-libro-208x300.jpg 208w\" sizes=\"(max-width: 664px) 100vw, 664px\" \/><\/figure>\n\n\n\n<p><\/p>\n","protected":false},"excerpt":{"rendered":"<p>Fratel Costantino De Bellis, procuratore europeo dell\u2019Associazione Amici di San Rocco, ha pubblicato uno splendido libro sulla storia, il culto e la devozione di San Rocco. Ecco cosa ci ha raccontato. La passione per i libri \u00e8 passione per l\u2019amore e per le relazioni, per le idee e per la libert\u00e0, per il pensiero e [&hellip;]<\/p>\n","protected":false},"author":1,"featured_media":92,"comment_status":"open","ping_status":"closed","sticky":false,"template":"","format":"standard","meta":{"site-sidebar-layout":"no-sidebar","site-content-layout":"default","ast-site-content-layout":"default","site-content-style":"default","site-sidebar-style":"default","ast-global-header-display":"","ast-banner-title-visibility":"","ast-main-header-display":"","ast-hfb-above-header-display":"","ast-hfb-below-header-display":"","ast-hfb-mobile-header-display":"","site-post-title":"","ast-breadcrumbs-content":"","ast-featured-img":"","footer-sml-layout":"","ast-disable-related-posts":"","theme-transparent-header-meta":"default","adv-header-id-meta":"","stick-header-meta":"","header-above-stick-meta":"","header-main-stick-meta":"","header-below-stick-meta":"","astra-migrate-meta-layouts":"default","ast-page-background-enabled":"default","ast-page-background-meta":{"desktop":{"background-color":"","background-image":"","background-repeat":"repeat","background-position":"center center","background-size":"auto","background-attachment":"scroll","background-type":"","background-media":"","overlay-type":"","overlay-color":"","overlay-opacity":"","overlay-gradient":""},"tablet":{"background-color":"","background-image":"","background-repeat":"repeat","background-position":"center center","background-size":"auto","background-attachment":"scroll","background-type":"","background-media":"","overlay-type":"","overlay-color":"","overlay-opacity":"","overlay-gradient":""},"mobile":{"background-color":"","background-image":"","background-repeat":"repeat","background-position":"center center","background-size":"auto","background-attachment":"scroll","background-type":"","background-media":"","overlay-type":"","overlay-color":"","overlay-opacity":"","overlay-gradient":""}},"ast-content-background-meta":{"desktop":{"background-color":"var(--ast-global-color-5)","background-image":"","background-repeat":"repeat","background-position":"center center","background-size":"auto","background-attachment":"scroll","background-type":"","background-media":"","overlay-type":"","overlay-color":"","overlay-opacity":"","overlay-gradient":""},"tablet":{"background-color":"var(--ast-global-color-5)","background-image":"","background-repeat":"repeat","background-position":"center center","background-size":"auto","background-attachment":"scroll","background-type":"","background-media":"","overlay-type":"","overlay-color":"","overlay-opacity":"","overlay-gradient":""},"mobile":{"background-color":"var(--ast-global-color-5)","background-image":"","background-repeat":"repeat","background-position":"center center","background-size":"auto","background-attachment":"scroll","background-type":"","background-media":"","overlay-type":"","overlay-color":"","overlay-opacity":"","overlay-gradient":""}},"footnotes":""},"categories":[16,17],"tags":[],"class_list":["post-91","post","type-post","status-publish","format-standard","has-post-thumbnail","hentry","category-news","category-speciali"],"_links":{"self":[{"href":"https:\/\/www.amicidisanrocco.it\/it\/wp-json\/wp\/v2\/posts\/91","targetHints":{"allow":["GET"]}}],"collection":[{"href":"https:\/\/www.amicidisanrocco.it\/it\/wp-json\/wp\/v2\/posts"}],"about":[{"href":"https:\/\/www.amicidisanrocco.it\/it\/wp-json\/wp\/v2\/types\/post"}],"author":[{"embeddable":true,"href":"https:\/\/www.amicidisanrocco.it\/it\/wp-json\/wp\/v2\/users\/1"}],"replies":[{"embeddable":true,"href":"https:\/\/www.amicidisanrocco.it\/it\/wp-json\/wp\/v2\/comments?post=91"}],"version-history":[{"count":3,"href":"https:\/\/www.amicidisanrocco.it\/it\/wp-json\/wp\/v2\/posts\/91\/revisions"}],"predecessor-version":[{"id":98,"href":"https:\/\/www.amicidisanrocco.it\/it\/wp-json\/wp\/v2\/posts\/91\/revisions\/98"}],"wp:featuredmedia":[{"embeddable":true,"href":"https:\/\/www.amicidisanrocco.it\/it\/wp-json\/wp\/v2\/media\/92"}],"wp:attachment":[{"href":"https:\/\/www.amicidisanrocco.it\/it\/wp-json\/wp\/v2\/media?parent=91"}],"wp:term":[{"taxonomy":"category","embeddable":true,"href":"https:\/\/www.amicidisanrocco.it\/it\/wp-json\/wp\/v2\/categories?post=91"},{"taxonomy":"post_tag","embeddable":true,"href":"https:\/\/www.amicidisanrocco.it\/it\/wp-json\/wp\/v2\/tags?post=91"}],"curies":[{"name":"wp","href":"https:\/\/api.w.org\/{rel}","templated":true}]}}