{"id":614,"date":"2021-03-31T15:16:00","date_gmt":"2021-03-31T13:16:00","guid":{"rendered":"https:\/\/www.amicidisanrocco.it\/it\/?p=614"},"modified":"2021-08-31T15:17:16","modified_gmt":"2021-08-31T13:17:16","slug":"omelia-di-mons-filippo-tucci-in-occasione-della-consacrazione-del-procuratore-di-s-rocco","status":"publish","type":"post","link":"https:\/\/www.amicidisanrocco.it\/it\/omelia-di-mons-filippo-tucci-in-occasione-della-consacrazione-del-procuratore-di-s-rocco\/","title":{"rendered":"Omelia di Mons. Filippo Tucci in occasione della consacrazione del Procuratore di S. Rocco"},"content":{"rendered":"\n<p>TESTO INTEGRALE DELL\u2019OMELIA TENUTA DA MONS. FILIPPO TUCCI IN OCCASIANE DELLA CONSACRAZIONE DEL PROCURATORE COSTANTINO DE BELLIS ALLA PRESENZA DEI SACERDOTI E DEI GRUPPI ADERENTI IN ITALIA E IN EUROPA<\/p>\n\n\n\n<div class=\"wp-block-image\"><figure class=\"alignleft size-full\"><img fetchpriority=\"high\" decoding=\"async\" width=\"436\" height=\"327\" src=\"http:\/\/www.amicidisanrocco.it\/it\/wp-content\/uploads\/2021\/08\/z71-1.jpg\" alt=\"\" class=\"wp-image-616\" srcset=\"https:\/\/www.amicidisanrocco.it\/it\/wp-content\/uploads\/2021\/08\/z71-1.jpg 436w, https:\/\/www.amicidisanrocco.it\/it\/wp-content\/uploads\/2021\/08\/z71-1-300x225.jpg 300w\" sizes=\"(max-width: 436px) 100vw, 436px\" \/><\/figure><\/div>\n\n\n\n<p>Incontrando oggi questa moltitudine di fedeli, devoti di San Rocco, per essere insiemi in un giorno di preghiera, un giorno cos\u00ec importante.<br>La preghiera ha questo significato e valore nella nostra vita, eccoci qui riuniti in preghiera, allora a voi con le parole dell\u2019apostolo Paolo ai Filippesi in questo anno dedicato a lui, vi saluto prendendo a prestito le sue parole, e dicendo ringrazio il mio Dio ogni volta io mi ricordo di voi, pregando sempre con gioia per voi in ogni mia preghiera, persuaso che colui che ha iniziato in voi quest\u2019opera buona la porter\u00e0 a compimento fino al giorno di Ges\u00f9 Cristo.<br>\u00c8 giusto che io pensi questo di tutti voi, perch\u00e9 vi porto nel cuore, perch\u00e9 fate parte di questa grande associazione, perch\u00e9 amate Dio e i suoi santi, amate San Rocco e cos\u00ec vi impegnate nella difesa e nel consolidamento del Vangelo, dice ancora Paolo, infatti Dio ne \u00e8 testimone del profondo affetto che ho per tutti voi nell\u2019amore di Cristo Ges\u00f9 e perci\u00f2 prego che la vostra carit\u00e0 si arricchisca sempre pi\u00f9 in conoscenza e in ogni genere di discernimento perch\u00e9 possiate distinguere sempre meglio ed essere integri e irreprensibili per il giorno di Cristo, ricolmi di quei frutti di giustizia che si ottengono per mezzo di Ges\u00f9 a gloria e lode di Dio.<br>Nello stringerci intorno al nostro Santo, vogliamo ora accogliere il suo insegnamento e la sua testimonianza, rifacendoci alla parola proclamata, esprimendo cos\u00ec la nostra devozione verso San Rocco e volendo imitarlo nelle sue virt\u00f9 e per mezzo di lui incontrare ed accostarci a Cristo, parola vivente del Padre.<br>Come vorrei miei cari che io e voi avessimo dimestichezza con la parola di Dio, perch\u00e9 dice San Girolamo, il grande dottore della Chiesa: \u201cSe Cristo \u00e8 potenza di Dio e sapienza di Dio, colui che non conosce le scritture, non conosce la potenza di Dio, n\u00e9 la sua sapienza, ignorare le scritture significa ignorare Cristo\u201d.<br>La Chiesa, come madre e maestra, guida i suoi figli ad accogliere con fede la parola di Dio e proprio domani 26 ottobre, aldil\u00e0 di questa nostra giornata di preghiera, anche per questo scopo particolare, si chiuder\u00e0 il Sinodo dei Vescovi che ha lavorato sotto la giuda del Papa sul tema: \u201cLa parola di Dio nella vita e nella missione della Chiesa\u201d.<br>Il Sinodo dei Vescovi ha voluto approfondire le ragioni dottrinali che possono illuminare e sollecitare l\u2019impegno ad estendere e rapportare l\u2019incontro con la parola, come fonte di vita nei diversi ambienti sociali, e proporre cos\u00ec ad ogni cristiano e ad ogni persona di buona volont\u00e0 le vie giuste e sicure per ascoltare Dio stesso e parlare con Lui, s\u00ec miei cari, parliamo con Lui.<br>Il profeta Isaia, nella prima lettura, ci ricorda come sia importante mettere in un atteggiamento di sincera conversione e di condivisione dei beni terreni con dei propri fratelli.<br>Nelle parole del profeta ritroviamo l\u2019impegno autentico di San Rocco che ha diviso il pane con l\u2019affamato, ha vestito uno che era nudo, ha soccorso e curato chi era ammalato.<br>La parola accolta con fede da San Rocco \u00e8 diventata in lui preghiera e testimonianza di vera carit\u00e0, come dice il profeta, la sua luce brilla come l\u2019aurora, brilla tra le tenebre, egli compare dinanzi a Dio ricco di meriti e di opere buone.<br>Il pellegrino della carit\u00e0 ha incarnato nella sua vita la parola di Ges\u00f9, quella parola che c\u2019\u00e8 stata ricordata ora nel Vangelo: \u201cAvevo fame e mi hai dato da mangiare, mi hai dato da bere, nudo mi hai vestito, malato mi hai curato, cercato, oppresso, carcerato, isolato, sei venuto a trovarmi e ci\u00f2 che hai fatto a uno di questi fratelli pi\u00f9 piccoli, lo hai fatto a me\u201d.<br>Vedete miei cari, io rimango sempre molto colpito da questa ultima parola del Vangelo, Ges\u00f9 non dice come se l\u2019avessi fatto a me ma dice, questi miei fratelli pi\u00f9 piccoli a cui tu hai fatto tutto questo lo hai fatto a me, Ges\u00f9 \u00e8 presente in questi nostri fratelli.<br>Cari pellegrini, Amici di San Rocco, come possiamo dirci veramente suoi amici se non cerchiamo con tutto il nostro impegno di ricalcare gli esempi e la testimonianza del pellegrino della carit\u00e0?<br>San Rocco, si fa pellegrino per venire a pregare sulle tombe degli apostoli e noi oggi siamo venuti qui a Roma, al centro della cristianit\u00e0, per pregare tutti insieme; quale bella testimonianza voi ci date, quale importanza, quale significato, quale valore deve avere la preghiera nella nostra vita, per imitare la fede di San Rocco dobbiamo anche noi alimentare la nostra fede con la preghiera. Con la preghiera, come lui ci insegna e facendo crescere la nostra fede, di conseguenza saremo ancora portati ad unirci sempre pi\u00f9 al Signore con la nostra devota preghiera.<br>Questo diventa alimento per la nostra vita spirituale e ci guider\u00e0 alla testimonianza della carit\u00e0 come San Rocco, che praticando l\u2019insegnamento dell\u2019apostolo Paolo si \u00e8 fatto tutto a tutti, egli dona i suoi beni terreni ai poveri e pellegrino della carit\u00e0 cura gli ammalati, assiste, conforta i moribondi e nello spirito di povert\u00e0 aiuta i poveri donando quello che egli ha raccolto nella sua vita povera.<br>Un tale servizio d\u2019amore \u00e8 praticato da San Rocco nell\u2019umilt\u00e0, nel silenzio, nella preghiera, inoltre il nostro santo, condivide con Cristo, in quella grotta, il mistero della croce insieme a tanti fratelli che hanno accettato di accogliere la croce di Ges\u00f9.<br>Anche lui accetta la prova, la sofferenza, il dolore mettendo la sua fiducia nel Signore e attendendo l\u2019intercessione della Vergine Madre Celeste.<br>Desideriamo anche noi, oggi, di chiedere a San Rocco la sua intercessione, il suo aiuto, il suo sostegno per praticare la vera carit\u00e0 verso il Padre e verso i fratelli e per abbandonarci fiduciosamente alla volont\u00e0 del Padre buono e misericordioso che anche nelle prove della vita vuole solo ed esclusivamente il bene dei suoi figli. Proprio in quel momento della prova, il Signore ci ama di pi\u00f9, perch\u00e9 Lui, come ci ha ricordato l\u2019apostolo Giovanni nella seconda lettura: \u201cE\u2019 amore in assoluto\u201d Dio \u00e8 amore, \u00e8 Lui che ci ha amato per primo, che ci ha donato il suo figlio come vittima di espiazione per i nostri peccati, se Dio ci ha amati anche noi dobbiamo amarci gli uni e gli altri.<br>Ma miei cari, amore \u00e8 dono, amore \u00e8 ricerca del bene dell\u2019altro, ci\u00f2 significa rispetto per la dignit\u00e0 di ogni persona e impegno di condivisione.<br>Non possiamo allora abbandonarci alla critica, alla mormorazione, alle divisioni tra di noi, come \u00e8 facile denigrare una persona, forse nella nostra associazione che ci vuole tutti qui raccolti oggi e ci vede essere uniti come associazione Europea; pu\u00f2 esserci anche diversit\u00e0 di opinioni ma tutti dobbiamo ritrovarci concordi e inanimi nella carit\u00e0 fraterna.<br>Se oggi siamo qui convenuti dal nord e dal sud dell\u2019Italia e alcuni dall\u2019Europa c\u2019\u00e8 una rappresentanza anche dalla Spagna, il merito va agli organizzatori che con disponibilit\u00e0 e spirito di servizio si sono prodigati per la buona riuscita dell\u2019incontro. Dobbiamo pertanto dire loro il nostro grazie riconoscente, grazie, ma in particolare lasciatemi dire miei cari, in questo, direi, modo di dialogare cos\u00ec fraternamente tra di noi, dire un particolare grazia al nostro Procuratore, al Procuratore dell\u2019associazione Costantino De Bellis, avendo egli donato la sua vita al Signore nel ricalcare le orme di San Rocco, vive la sua vita desiderosa di conformarsi alla volont\u00e0 di Dio, nell\u2019obbedienza la Madre Chiesa e nell\u2019insegnamento della povert\u00e0 evangelica per vivere nello stile della sobriet\u00e0 e ancora libera da ogni legame terreno, praticare la castit\u00e0 a imitazione del giovane santo di Montpellier, fino ad essere disponibile in tutto all\u2019associazione.<br>Per questo oggi aldil\u00e0 di ogni colma di ufficialit\u00e0, dal momento miei cari spetta al magistero e all\u2019autorit\u00e0 dei Vescovi, accogliere ed approvare la consacrazione della propria vita al Signore, il nostro Procuratore pronunzia ora in forma privata e personale il voto di obbedienza, di povert\u00e0 e di castit\u00e0 e con gioia intende farlo conoscere in fraterna amicizia e carit\u00e0 agli Amici di San Rocco, quale suo scelta di vita, perch\u00e9 tutti possano offrire al Signore il proprio impegno nello stato di vita personale, donandosi a Lui per la salvezza del mondo.<\/p>\n\n\n\n<p>Avvertiamo tutti con ansia quanto sia necessario rinnovare l\u2019odierna societ\u00e0 e il mondo in cui viviamo, l\u2019impegno che deve emergere da questa giornata di fraterno incontro e di preghiera sia quello di mettere in pratica quanto la parola di Dio ci ha comunicato e sorretti e confortati dal pane di vita: l\u2019Eucarestia, che tra poco riceveremo, possa veramente alimentare in noi una figura ponte di spiritualit\u00e0 nel rapporto personale con Ges\u00f9, con un devozione verso la Madre Celeste e verso il nostro santo patrono e protettore San Rocco.<br>Per sperimentare in tal modo, l\u2019amore di Dio Padre, che nella potenza dello Spirito possa trasformare le nostra vita impegnandoci nella carit\u00e0 fraterna per annunziare e testimoniare a tutti la grandezza e l\u2019amore di Dio.<br>Amen.<\/p>\n\n\n\n<p>Mons. Filippo Tucci<\/p>\n\n\n\n<figure class=\"wp-block-image size-full\"><img decoding=\"async\" width=\"375\" height=\"282\" src=\"http:\/\/www.amicidisanrocco.it\/it\/wp-content\/uploads\/2021\/08\/z101.jpg\" alt=\"\" class=\"wp-image-618\" srcset=\"https:\/\/www.amicidisanrocco.it\/it\/wp-content\/uploads\/2021\/08\/z101.jpg 375w, https:\/\/www.amicidisanrocco.it\/it\/wp-content\/uploads\/2021\/08\/z101-300x226.jpg 300w\" sizes=\"(max-width: 375px) 100vw, 375px\" \/><\/figure>\n\n\n\n<figure class=\"wp-block-image size-full\"><img decoding=\"async\" width=\"436\" height=\"327\" src=\"http:\/\/www.amicidisanrocco.it\/it\/wp-content\/uploads\/2021\/08\/z80.jpg\" alt=\"\" class=\"wp-image-617\" srcset=\"https:\/\/www.amicidisanrocco.it\/it\/wp-content\/uploads\/2021\/08\/z80.jpg 436w, https:\/\/www.amicidisanrocco.it\/it\/wp-content\/uploads\/2021\/08\/z80-300x225.jpg 300w\" sizes=\"(max-width: 436px) 100vw, 436px\" \/><\/figure>\n","protected":false},"excerpt":{"rendered":"<p>TESTO INTEGRALE DELL\u2019OMELIA TENUTA DA MONS. FILIPPO TUCCI IN OCCASIANE DELLA CONSACRAZIONE DEL PROCURATORE COSTANTINO DE BELLIS ALLA PRESENZA DEI SACERDOTI E DEI GRUPPI ADERENTI IN ITALIA E IN EUROPA Incontrando oggi questa moltitudine di fedeli, devoti di San Rocco, per essere insiemi in un giorno di preghiera, un giorno cos\u00ec importante.La preghiera ha questo [&hellip;]<\/p>\n","protected":false},"author":1,"featured_media":0,"comment_status":"open","ping_status":"open","sticky":false,"template":"","format":"standard","meta":{"site-sidebar-layout":"default","site-content-layout":"default","ast-site-content-layout":"default","site-content-style":"default","site-sidebar-style":"default","ast-global-header-display":"","ast-banner-title-visibility":"","ast-main-header-display":"","ast-hfb-above-header-display":"","ast-hfb-below-header-display":"","ast-hfb-mobile-header-display":"","site-post-title":"","ast-breadcrumbs-content":"","ast-featured-img":"","footer-sml-layout":"","ast-disable-related-posts":"","theme-transparent-header-meta":"default","adv-header-id-meta":"","stick-header-meta":"","header-above-stick-meta":"","header-main-stick-meta":"","header-below-stick-meta":"","astra-migrate-meta-layouts":"default","ast-page-background-enabled":"default","ast-page-background-meta":{"desktop":{"background-color":"","background-image":"","background-repeat":"repeat","background-position":"center center","background-size":"auto","background-attachment":"scroll","background-type":"","background-media":"","overlay-type":"","overlay-color":"","overlay-opacity":"","overlay-gradient":""},"tablet":{"background-color":"","background-image":"","background-repeat":"repeat","background-position":"center center","background-size":"auto","background-attachment":"scroll","background-type":"","background-media":"","overlay-type":"","overlay-color":"","overlay-opacity":"","overlay-gradient":""},"mobile":{"background-color":"","background-image":"","background-repeat":"repeat","background-position":"center center","background-size":"auto","background-attachment":"scroll","background-type":"","background-media":"","overlay-type":"","overlay-color":"","overlay-opacity":"","overlay-gradient":""}},"ast-content-background-meta":{"desktop":{"background-color":"var(--ast-global-color-5)","background-image":"","background-repeat":"repeat","background-position":"center center","background-size":"auto","background-attachment":"scroll","background-type":"","background-media":"","overlay-type":"","overlay-color":"","overlay-opacity":"","overlay-gradient":""},"tablet":{"background-color":"var(--ast-global-color-5)","background-image":"","background-repeat":"repeat","background-position":"center center","background-size":"auto","background-attachment":"scroll","background-type":"","background-media":"","overlay-type":"","overlay-color":"","overlay-opacity":"","overlay-gradient":""},"mobile":{"background-color":"var(--ast-global-color-5)","background-image":"","background-repeat":"repeat","background-position":"center center","background-size":"auto","background-attachment":"scroll","background-type":"","background-media":"","overlay-type":"","overlay-color":"","overlay-opacity":"","overlay-gradient":""}},"footnotes":""},"categories":[10],"tags":[],"class_list":["post-614","post","type-post","status-publish","format-standard","hentry","category-le-catechesi"],"_links":{"self":[{"href":"https:\/\/www.amicidisanrocco.it\/it\/wp-json\/wp\/v2\/posts\/614","targetHints":{"allow":["GET"]}}],"collection":[{"href":"https:\/\/www.amicidisanrocco.it\/it\/wp-json\/wp\/v2\/posts"}],"about":[{"href":"https:\/\/www.amicidisanrocco.it\/it\/wp-json\/wp\/v2\/types\/post"}],"author":[{"embeddable":true,"href":"https:\/\/www.amicidisanrocco.it\/it\/wp-json\/wp\/v2\/users\/1"}],"replies":[{"embeddable":true,"href":"https:\/\/www.amicidisanrocco.it\/it\/wp-json\/wp\/v2\/comments?post=614"}],"version-history":[{"count":1,"href":"https:\/\/www.amicidisanrocco.it\/it\/wp-json\/wp\/v2\/posts\/614\/revisions"}],"predecessor-version":[{"id":619,"href":"https:\/\/www.amicidisanrocco.it\/it\/wp-json\/wp\/v2\/posts\/614\/revisions\/619"}],"wp:attachment":[{"href":"https:\/\/www.amicidisanrocco.it\/it\/wp-json\/wp\/v2\/media?parent=614"}],"wp:term":[{"taxonomy":"category","embeddable":true,"href":"https:\/\/www.amicidisanrocco.it\/it\/wp-json\/wp\/v2\/categories?post=614"},{"taxonomy":"post_tag","embeddable":true,"href":"https:\/\/www.amicidisanrocco.it\/it\/wp-json\/wp\/v2\/tags?post=614"}],"curies":[{"name":"wp","href":"https:\/\/api.w.org\/{rel}","templated":true}]}}