{"id":529,"date":"2021-04-27T10:20:35","date_gmt":"2021-04-27T08:20:35","guid":{"rendered":"https:\/\/www.amicidisanrocco.it\/it\/?p=529"},"modified":"2021-04-27T10:20:36","modified_gmt":"2021-04-27T08:20:36","slug":"novena-a-san-rocco-di-monpellier","status":"publish","type":"post","link":"https:\/\/www.amicidisanrocco.it\/it\/novena-a-san-rocco-di-monpellier\/","title":{"rendered":"Novena a San Rocco di Monpellier"},"content":{"rendered":"\n<p>\ud83d\udfe5 LUNED\u00cc 26 APRILE<br>\ud83d\udfe8 PRIMO GIORNO DELLA NOVENA<br>\ud83d\udfe5 A SAN ROCCO DI MONTPELLIER<br>secondo le INTENZIONI PERSONALI<br>che tutti i partecipanti<br>a questa Novena<br>portano nei loro cuori<br>\u2014\u2014\u2014\u2014\u2014\u2014\u2014\u2014\u2014\u2014\u2014\u2014\u2014\u2014\u2014\u2014\u2014<\/p>\n\n\n\n<p>\u2629 Per essere partecipe basta iniziarla<br>e farla assieme a noi negli orari pi\u00f9<br>comodi per te: l\u2019importante che sia<br>fatta negli stessi nove giorni<br>assieme a tantissime persone<br>secondo le intenzioni personali di<br>tutti i partecipanti.<\/p>\n\n\n\n<p>In questa pubblicazione troverete LE PREGHIERE DA FARE PER 9 GIORNI CONSECUTIVI; condividendola sulla vostra bacheca ce l\u2019avrete sempre sotto la mano per tutto il tempo della Novena.<\/p>\n\n\n\n<pre class=\"wp-block-code\"><code>                  N  O  V  E  N  A\n   \u2014\u2014\u2014\u2014\u2014\u2014\u2014\u2014\u2014\u2014\u2014\u2014\u2014\u2014\u2014<\/code><\/pre>\n\n\n\n<p>\ud83d\udfe6 L\u2019INTENZIONE DELLA NOVENA:<br>Preghiamo secondo le<br>INTENZIONI PERSONALI<br>che tutti i partecipanti<br>a questa Novena<br>portano nei loro cuori<\/p>\n\n\n\n<p>\u25fc\ufe0f LA STRUTTURA E LE PREGHIERE<br>DELLA NOVENA<br>per 9 giorni consecutivi<br>\u2014\u2014\u2014\u2014\u2014\u2014\u2014\u2014\u2014\u2014\u2014\u2014\u2014\u2014\u2014-<\/p>\n\n\n\n<ol class=\"wp-block-list\"><li>Ogni giorno iniziate la Novena con una preghiera spontanea e libera nella quale prima dovete pregare affinch\u00e9 il Signore esaudisca per l\u2019intercessione di San Rocco le preghiere di tutti coloro che partecipano a questa Novena portando le loro intenzioni personali nei loro cuori.<br>E poi esprimete con le vostre proprie parole attraverso una preghiera spontanea le vostre intenzioni personali e concrete.<\/li><li>PREGHIERE PROPRIE<br>DELLA NOVENA<br>\u2014\u2014\u2014\u2014\u2014\u2014\u2014\u2014\u2014\u2014\u2014\u2014\u2014\u2014\u2014\u2014<br>Da pregare tutte intere per nove<br>giorni consecutivi dal 26 Aprile<br>al 4 Maggio<\/li><\/ol>\n\n\n\n<p>\ud83d\udfe5 NOVENA A SAN ROCCO ANTICA<\/p>\n\n\n\n<p>I giorno<\/p>\n\n\n\n<p>O glorioso S. Rocco, che distaccato dalle agiatezze della vostra nobilissima casa e vestito da povero pellegrino vi consacraste generosamente al servizio, degli infermi e dei moribondi colpiti da malattie contagiose ed epidemiche; Vi preghiamo di staccare il nostro cuore da tutte le vanit\u00e0 del mondo e, al sacro fuoco della carit\u00e0, sacrificarci pienamente a vantaggio di coloro che soffrono e sono maggiormente abbandonati. Pater, Ave, Gloria.<\/p>\n\n\n\n<p>II giorno<\/p>\n\n\n\n<p>O glorioso S. Rocco, che sconosciuto dagli uomini in abito cos\u00ec miserabile e solo conosciuto da Dio esponeste il delicatissimo vostro corpo ai disagi incessanti e alle aspre fatiche di lunghissimi viaggi per il bene del prossimo afflitto dalla sventura; fate che anche noi, superate le difficolt\u00e0 e le amarezze del mortale pellegrinaggio, imitandovi nel soffrire per amore di Ges\u00f9 Cristo, possiamo incamminarci alla patria dei beati. Pater, Ave, Gloria.<\/p>\n\n\n\n<p>III giorno<\/p>\n\n\n\n<p>O glorioso S. Rocco, che per la vostra generosit\u00e0 nel consacrarvi al servizio degli appestati e per le vostre continue orazioni vedeste cessare la pestilenza e guarirne tutti gli infetti in Acquapendente, in Cesena, in Roma, in Piacenza, in Montpellier, in tutte le citt\u00e0 della Francia e dell&#8217;Italia da voi percorse, ottenete a noi tutti la grazia di essere per la vostra intercessione costantemente preservati da un flagello cos\u00ec spaventoso e cos\u00ec desolante. Pater, Ave, Gloria.<\/p>\n\n\n\n<p>IV giorno<\/p>\n\n\n\n<p>O glorioso Santo, voi che conosceste che base della vera perfezione \u00e8 l&#8217;umilt\u00e0 profonda otteneteci che, considerando i nostri peccati e la estrema nostra fragilit\u00e0, impariamo a disprezzare le cose caduche della terra e a intendere che quel Dio il quale resiste ai superbi dona agli umili i tesori infiniti della sua grazia e unendoli a s\u00e9 li rende capaci delle pi\u00f9 grandi opere di bene. Pater, Ave, Gloria.<\/p>\n\n\n\n<p>V giorno<\/p>\n\n\n\n<p>O glorioso Santo che, compreso l&#8217;infinito valore della Croce e della Passione di Ges\u00f9, voleste mortificare il vostro corpo in ogni maniera sapendo che le pene di questa vita sono fonti preziose di merito e di gloria per il Cielo; vi supplichiamo ottenerci la grazia che, in mezzo alle naturali ripugnanze e ai tormenti della Croce, sappiamo imitare la santa rassegnazione di Ges\u00f9 nel Getsemani e sul Calvario. Pater, Ave, Gloria.<\/p>\n\n\n\n<p>VI giorno<\/p>\n\n\n\n<p>O glorioso S. Rocco, che riusciste s\u00ec bene a sacrificare non solo gli agi e le cose di questo mondo, ma anche a sacrificare voi stesso nella perfetta rinuncia di tutti i vostri naturali risentimenti; ottenetecida Dio che anche noi, morti una buona volta alla nostra volont\u00e0 e ai nostri gusti disordinati, ci decidiamo a seguire Ges\u00f9 per la via della Croce e fate che non ci manchi la forza necessaria per sopportare le pene e le avversit\u00e0 di questa vita. Pater, Ave, Gloria.<\/p>\n\n\n\n<p>VII giorno<\/p>\n\n\n\n<p>O glorioso S. Rocco, che colpito da morbo pestilenziale, nell&#8217;atto di servire ad altri infetti, e posto da Dio alla prova de&#8217; pi\u00f9 spasmodici dolori, domandaste ed otteneste di essere posto lungo la strada, indi da quella scacciato, fuori della citt\u00e0 vi ricoveraste in povera capanna, ove da un Angelo vennero risanate le vostre piaghe e da un cane pietoso ristorata la vostra fame, recandovi ogni giorno un pane tolto alla mensa dei suo padrone Gottardo; ottenete a noi tutti la grazia di soffrire con inalterabile rassegnazione le infermit\u00e0, le tribolazioni, le disgrazie tutte di questa vita, aspettando sempre dal cielo il necessario soccorso. Pater, Ave, Gloria.<\/p>\n\n\n\n<p>VIII giorno<\/p>\n\n\n\n<p>O fedelissimo servo di Dio che, giunto alla patria vostra estenuato dalle penitenze e in abito di pellegrino foste ritenuto da tutti come un esploratore dei nemici e foste posto ingiustamente in carcere, ove penaste per cinque anni conformandovi in tutto al divino volere; Vi supplichiamo umilmente di farvi per noi mediatore in Cielo perch\u00e9 possiamo sempre col vostro esempio sopportare ogni affanno ed ogni tribolazione per amore di quel Dio che tutto dispone a sua gloria e a nostro bene. Pater, Ave, Gloria.<\/p>\n\n\n\n<p>IX giorno<\/p>\n\n\n\n<p>O glorioso Santo che, vissuto nella carit\u00e0 e nel sacrificio, desideraste morire nello squallore di un carcere, ignoto a tutti lasciando a Dio solo la cura del vostro onore, fate che noi dopo avere impiegate tutte le nostre forze per il bene e per la virt\u00f9, col nome di Ges\u00f9 e di Maria sul labbro e nel cuore, ci addormentiamo placidamente nel Signore non curando gli onori degli uomini ma solo intenti a quel premio infinito che il Re dell&#8217;eterna gloria tiene preparato per i suoi servi fedeli nella beatitudine del Cielo. Cos\u00ec sia. Pater, Ave, Gloria.<\/p>\n\n\n\n<p>\u2757\ufe0f Condividi questa pubblicazione<br>subito e non la perderai mai! La ritrovi facilmente sulla tua bacheca ogni volta che farai le preghiera di questa Novena assieme a noi!<\/p>\n\n\n\n<pre class=\"wp-block-code\"><code>     \u2014\u2014\u2014\u2014\u2014\u2014\u2014\u2014\u2014\u2014\u2014\u2014\u2014\u2014\u2014<\/code><\/pre>\n\n\n\n<p>\ud83d\udfe5 CARISSIMI, CONDIVIDENDO<br>QUESTA PUBBLICAZIONE,<br>VOI FATE CRESCERE IL NOSTRO<br>GRUPPO DI PREGHIERA,<br>LA NOSTRA UNIT\u00c0 NEL NOME<br>DEL SIGNORE, IL QUALE STA IN<br>MEZZO A NOI QUALE IL NOSTRO<br>UNICO SALVATORE E REDENTORE!<br>Cosi pure voi partecipate all\u2019opera buona e pia, aiutate ai fedeli di unirsi nella preghiera, rendete sempre pi\u00f9 efficace le vostre suppliche unendovi al nostro gruppo di preghiera.<br>L\u2019efficacia della preghiera dipende anche dal numero delle persone che ne partecipano! Quanto pi\u00f9 numerosi siamo, tanto pi\u00f9 efficace la nostra preghiera \u00e8!<\/p>\n","protected":false},"excerpt":{"rendered":"<p>\ud83d\udfe5 LUNED\u00cc 26 APRILE\ud83d\udfe8 PRIMO GIORNO DELLA NOVENA\ud83d\udfe5 A SAN ROCCO DI MONTPELLIERsecondo le INTENZIONI PERSONALIche tutti i partecipantia questa Novenaportano nei loro cuori\u2014\u2014\u2014\u2014\u2014\u2014\u2014\u2014\u2014\u2014\u2014\u2014\u2014\u2014\u2014\u2014\u2014 \u2629 Per essere partecipe basta iniziarlae farla assieme a noi negli orari pi\u00f9comodi per te: l\u2019importante che siafatta negli stessi nove giorniassieme a tantissime personesecondo le intenzioni personali ditutti i partecipanti. [&hellip;]<\/p>\n","protected":false},"author":1,"featured_media":0,"comment_status":"open","ping_status":"open","sticky":false,"template":"","format":"standard","meta":{"site-sidebar-layout":"default","site-content-layout":"default","ast-site-content-layout":"default","site-content-style":"default","site-sidebar-style":"default","ast-global-header-display":"","ast-banner-title-visibility":"","ast-main-header-display":"","ast-hfb-above-header-display":"","ast-hfb-below-header-display":"","ast-hfb-mobile-header-display":"","site-post-title":"","ast-breadcrumbs-content":"","ast-featured-img":"","footer-sml-layout":"","ast-disable-related-posts":"","theme-transparent-header-meta":"default","adv-header-id-meta":"","stick-header-meta":"","header-above-stick-meta":"","header-main-stick-meta":"","header-below-stick-meta":"","astra-migrate-meta-layouts":"default","ast-page-background-enabled":"default","ast-page-background-meta":{"desktop":{"background-color":"","background-image":"","background-repeat":"repeat","background-position":"center center","background-size":"auto","background-attachment":"scroll","background-type":"","background-media":"","overlay-type":"","overlay-color":"","overlay-opacity":"","overlay-gradient":""},"tablet":{"background-color":"","background-image":"","background-repeat":"repeat","background-position":"center center","background-size":"auto","background-attachment":"scroll","background-type":"","background-media":"","overlay-type":"","overlay-color":"","overlay-opacity":"","overlay-gradient":""},"mobile":{"background-color":"","background-image":"","background-repeat":"repeat","background-position":"center center","background-size":"auto","background-attachment":"scroll","background-type":"","background-media":"","overlay-type":"","overlay-color":"","overlay-opacity":"","overlay-gradient":""}},"ast-content-background-meta":{"desktop":{"background-color":"var(--ast-global-color-5)","background-image":"","background-repeat":"repeat","background-position":"center center","background-size":"auto","background-attachment":"scroll","background-type":"","background-media":"","overlay-type":"","overlay-color":"","overlay-opacity":"","overlay-gradient":""},"tablet":{"background-color":"var(--ast-global-color-5)","background-image":"","background-repeat":"repeat","background-position":"center center","background-size":"auto","background-attachment":"scroll","background-type":"","background-media":"","overlay-type":"","overlay-color":"","overlay-opacity":"","overlay-gradient":""},"mobile":{"background-color":"var(--ast-global-color-5)","background-image":"","background-repeat":"repeat","background-position":"center center","background-size":"auto","background-attachment":"scroll","background-type":"","background-media":"","overlay-type":"","overlay-color":"","overlay-opacity":"","overlay-gradient":""}},"footnotes":""},"categories":[9],"tags":[],"class_list":["post-529","post","type-post","status-publish","format-standard","hentry","category-la-liturgia"],"_links":{"self":[{"href":"https:\/\/www.amicidisanrocco.it\/it\/wp-json\/wp\/v2\/posts\/529","targetHints":{"allow":["GET"]}}],"collection":[{"href":"https:\/\/www.amicidisanrocco.it\/it\/wp-json\/wp\/v2\/posts"}],"about":[{"href":"https:\/\/www.amicidisanrocco.it\/it\/wp-json\/wp\/v2\/types\/post"}],"author":[{"embeddable":true,"href":"https:\/\/www.amicidisanrocco.it\/it\/wp-json\/wp\/v2\/users\/1"}],"replies":[{"embeddable":true,"href":"https:\/\/www.amicidisanrocco.it\/it\/wp-json\/wp\/v2\/comments?post=529"}],"version-history":[{"count":1,"href":"https:\/\/www.amicidisanrocco.it\/it\/wp-json\/wp\/v2\/posts\/529\/revisions"}],"predecessor-version":[{"id":530,"href":"https:\/\/www.amicidisanrocco.it\/it\/wp-json\/wp\/v2\/posts\/529\/revisions\/530"}],"wp:attachment":[{"href":"https:\/\/www.amicidisanrocco.it\/it\/wp-json\/wp\/v2\/media?parent=529"}],"wp:term":[{"taxonomy":"category","embeddable":true,"href":"https:\/\/www.amicidisanrocco.it\/it\/wp-json\/wp\/v2\/categories?post=529"},{"taxonomy":"post_tag","embeddable":true,"href":"https:\/\/www.amicidisanrocco.it\/it\/wp-json\/wp\/v2\/tags?post=529"}],"curies":[{"name":"wp","href":"https:\/\/api.w.org\/{rel}","templated":true}]}}