{"id":420,"date":"2021-02-08T10:24:07","date_gmt":"2021-02-08T09:24:07","guid":{"rendered":"http:\/\/www.amicidisanrocco.it\/it\/?p=420"},"modified":"2023-07-24T11:05:52","modified_gmt":"2023-07-24T09:05:52","slug":"monsignore-tucci-commendatore-per-limpegno-tra-i-poveri-e-assistente-spirituale-della-famiglia-amici-di-san-rocco","status":"publish","type":"post","link":"https:\/\/www.amicidisanrocco.it\/it\/monsignore-tucci-commendatore-per-limpegno-tra-i-poveri-e-assistente-spirituale-della-famiglia-amici-di-san-rocco\/","title":{"rendered":"MONSIGNORE TUCCI \u201cCOMMENDATORE\u201d PER L\u2019IMPEGNO TRA I POVERI E ASSISTENTE SPIRITUALE DELLA FAMIGLIA AMICI DI SAN ROCCO."},"content":{"rendered":"\n<p>Il riconoscimento conferito dal presidente della Repubblica Mattarella, il 17 Febbraio 2020, al sacerdote novantenne, don Filippo Tucci, gi\u00e0 direttore del clero e cancelliere del vicariato di Roma, per aver dedicato la sua vita all\u2019accoglienza e all\u2019inclusione delle persone disagiate e abbandonate e\u2019 la motivazione per la quale \u00e8 stato insignito del titolo di Commendatore dell\u2019ordine della Repubblica Italiana, dal presidente Sergio Mattarella.<\/p>\n\n\n\n<figure class=\"wp-block-image alignleft size-large is-resized\"><img fetchpriority=\"high\" decoding=\"async\" src=\"http:\/\/www.amicidisanrocco.it\/it\/wp-content\/uploads\/2021\/02\/Screenshot_20210207_204545-1-816x1024.jpg\" alt=\"\" class=\"wp-image-422\" width=\"428\" height=\"538\" srcset=\"https:\/\/www.amicidisanrocco.it\/it\/wp-content\/uploads\/2021\/02\/Screenshot_20210207_204545-1-816x1024.jpg 816w, https:\/\/www.amicidisanrocco.it\/it\/wp-content\/uploads\/2021\/02\/Screenshot_20210207_204545-1-239x300.jpg 239w, https:\/\/www.amicidisanrocco.it\/it\/wp-content\/uploads\/2021\/02\/Screenshot_20210207_204545-1-768x964.jpg 768w, https:\/\/www.amicidisanrocco.it\/it\/wp-content\/uploads\/2021\/02\/Screenshot_20210207_204545-1.jpg 1080w\" sizes=\"(max-width: 428px) 100vw, 428px\" \/><\/figure>\n\n\n\n<p>E\u2019 passato un anno, Mons. Tucci, sta bene, \u00e8 lucido, autonomo, ricorda date. Episodi. Parla della sua vita, dell\u2019Associazione Europea Amici di San Rocco e di tutti i suoi collaboratori che la provvidenza gli ha posto lungo il suo cammino di sacerdote.<\/p>\n\n\n\n<p>L\u201911 Febbraio, Mons. Tucci compir\u00e0 91 anni e sar\u00e0 un anno che \u00e8 stato ospite del programma: BEL TEMPO SI SPERA, su TV 2000 nel quale con tanto affetto e stima \u00e8 stato intervistato dalla conduttrice Lucia Ascione.<\/p>\n\n\n\n<p>Don Filippo, per tutti Monsignor Tucci, se fino al 1997 era conosciuto e stimato nella curia romana, dal 1999 quando insieme a Fratel Costantino ha dato ufficialmente vita all\u2019Associazione Europea \u201cAmici di San Rocco\u201d &#8211; CAMMINATORI NELLA FEDE CATTOLICA, il suo nome \u00e8 giunto in tutta Italia varcando anche i confini italiani e giungendo in diversi paesi dell\u2019Europa.<\/p>\n\n\n\n<p>Mons. Tucci \u00e8 un uomo di Dio che ha messo in pratica tutto se stesso per essere coerente con il suo essere sacerdote. Uomo di preghiera, di ascolto, paziente, determinato, accogliente e vero pastore di anime, ha cercato fin dall\u2019inizio del suo ministero sacerdotale di mettere in pratica quanto dice San Giacomo: \u201cLa fede senza le opere \u00e8 morta\u201d.<\/p>\n\n\n\n<p>Dal 1975, da circa 45 anni ha profetizzato la Chiesa di Papa Francesco, una Chiesa in uscita, col grembiule che \u00e8 andata incontro alle periferie esistenziali proprio nel salotto di Roma, tra Piazza del Popolo, Piazza di Spagna e Piazza San Pietro, nella Chiesa di San Rocco all\u2019Augusteo dove la provvidenza lo mand\u00f2 provvisoriamente dietro invito dell\u2019allor cardinale Ugo Poletti, ma la sua provvisoriet\u00e0 nella Chiesa del santo della carit\u00e0 si \u00e8 prolungata 45 anni!!!<\/p>\n\n\n\n<p>Oggi con Papa Francesco ci sembra normale, ma 40-50 anni fa non era facile trovare nel cuore della capitale di uno stato, una chiesa che accogliesse persone disagiate, abbandonate, persone alle quali oltre a dare un tetto fosse elargito amore concreto.<\/p>\n\n\n\n<p>Se San Rocco nella sua epoca \u00e8 stato invocato per le frequenti pestilenze, attualmente, dopo un anno che l\u2019intera umanit\u00e0 \u00e8 stata e continua ad essere flagellata da una nuova epidemia , il coronavirus, ancora oggi, c\u2019\u00e8 bisogno della sua protezione tanto che Papa Francesco, il 6 Dicembre del 2020 ha inviato un messaggio scritto all\u2019Associazione Europea \u201cAMICI DI SAN ROCCO\u201d incoraggiando quanti ne fanno parte a pregare San Rocco affinch\u00e8 la sua intercessione debelli questo virus che ha piegato il mondo.<\/p>\n\n\n\n<p>Dinanzi a San Rocco, Mons. Tucci non poteva rimanere indifferente, man mano per essere sempre pi\u00f9 testimone del Vangelo si \u00e8 offerto al servizio degli ultimi. Lui con i suoi collaboratori e con l\u2019associazione guidata da fratel Costantino e da quanti ne sono devotamente associati continuano a seguire il suo esempio tra le strade d\u2019Italia e d\u2019Europa portando l\u2019amore del Dio Incarnato nelle persone pi\u00f9 emarginate dalla societ\u00e0.<\/p>\n\n\n\n<p>PERCHE\u2019 IL POVERO, NONOSTANTE LE TANTE PAROLE VUOTE DI COLORO CHE VIVONO NELL\u2019AGIATEZZA, VIENE VISTO CON DIFFIDENZA E SPESSO IPOCRITAMENTE CI SI ALLONTANA.<\/p>\n\n\n\n<p>Quanti sorrisi in 45 anni nella Chiesa di San Rocco di Roma, negli occhi di coloro che hanno trovato un piatto caldo ogni domenica dopo aver partecipato alla Santa Messa, dopo una doccia gratis e un cambio di vestiti, dopo una visita medica durante la settimana nei locali della Chiesa.<\/p>\n\n\n\n<p>Noi, amici di San Rocco, insieme a MONS. Tucci, dal 1999, anno in cui abbiamo iniziato a collaborare con lui, abbiamo imparato col tempo a vedere nei poveri, non solo nella chiesa dove siamo stati accolti come Associazione di laici cattolici, il crocifisso e i crocifissi assetati di amore perch\u00e9 non vi \u00e8 celebrazione Eucaristica, liturgia della parola senza carit\u00e0. Mettendoci quotidiamente in discussione abbiamo compreso quanta poverta\u2019 di amore e quanta poca sensibilit\u00e0 c\u2019\u00e8 nella Chiesa avendo come aiuto le parole di San Giovanni l\u2019Apostolo: \u201c Chi dice di amare Dio e non ama il fratello \u00e8 un bugiardo\u201d e come motto la frase del Vangelo di San Matteo da cui abbiamo preso ispirazione definendoci amici di San Rocco: \u201c Non vi chiamo pi\u00f9 servi, ma AMICI perch\u00e9 tutto ci\u00f2 che che ho udito dal Padre mio mio ve l\u2019ho fatto conoscere\u201d.<\/p>\n\n\n\n<p>Da qui il nostro essere AMICI DI SAN ROCCO sostenuti da Mons. Tucci ci porta ogni giorno a farci un esame di coscienza affinch\u00e8 maturiamo il nostro essere \u201cAMICI\u201d di Dio e del prossimo in una fede sincera ed autenticamente vissuta e testimoniata che diventa carit\u00e0, perche\u2019 non potremmo mai amare con spirito di sacrificio se non amassimo Colui che ha dato la vita per noi. Perch\u00e9 se non amiamo Dio non amiamo sinceramente il prossimo e la nostra fede rischierebbe di crollare di fronte al primo ostacolo.<\/p>\n\n\n\n<p>Per questo avendo come bussola il Vangelo e le lettere apostoliche potremmo arrivare a dire a tutti, insieme al nostro caro Mons. Tucci, quanto ci suggerisce San Paolo :\u201d Ho cercato di dare tutto a tutti per salvarne almeno qualcuno\u201d.<\/p>\n\n\n\n<p>\u201cMonsignore, lei, accompagnato da fratel Costantino, al Quirinale per la sua generosit\u00e0 nell\u2019aiutare tante anime a recuperare la fede, attraverso il suo esempio ci prometta, ogni volta, quando guarder\u00e0 l\u2019onorificenza ricevuta dal Capo dello Stato di pregare per tutti noi e noi la seguiremo sempre perch\u00e9 se ha deciso di essere prete fino alla morte, noi lo vogliamo essere in virtu\u2019 del nostro battesimo\u201d.<\/p>\n\n\n\n<p>Noi, lei e i poveri. I poveri, lei e noi perche\u2019 in ognuno di noi ricco o povero vi \u00e8 Cristo, il Dio incarnato che ci ha redento e continua ad amarci di un amore eterno e senza confini.<\/p>\n\n\n\n<p>Federico Chietini<\/p>\n\n\n\n<p>TANTI AUGURI monsignore per il suo compleanno gioved\u00ec 11 Febbraio 2021.<br>Da tutti noi: Federico Chietini, Arcangelo Carr\u00ec, Onofrio Mancini, Michela Ricci e Fratel Costantino.<\/p>\n\n\n\n<figure class=\"wp-block-embed is-type-video is-provider-youtube wp-block-embed-youtube wp-embed-aspect-16-9 wp-has-aspect-ratio\"><div class=\"wp-block-embed__wrapper\">\n<iframe title=\"I 90 anni di Don Filippo: una vita di carit\u00e0\" width=\"500\" height=\"281\" src=\"https:\/\/www.youtube.com\/embed\/kEnmhMbn_cA?feature=oembed\" frameborder=\"0\" allow=\"accelerometer; autoplay; clipboard-write; encrypted-media; gyroscope; picture-in-picture; web-share\" referrerpolicy=\"strict-origin-when-cross-origin\" allowfullscreen><\/iframe>\n<\/div><\/figure>\n\n\n\n<p><\/p>\n","protected":false},"excerpt":{"rendered":"<p>Il riconoscimento conferito dal presidente della Repubblica Mattarella, il 17 Febbraio 2020, al sacerdote novantenne, don Filippo Tucci, gi\u00e0 direttore del clero e cancelliere del vicariato di Roma, per aver dedicato la sua vita all\u2019accoglienza e all\u2019inclusione delle persone disagiate e abbandonate e\u2019 la motivazione per la quale \u00e8 stato insignito del titolo di Commendatore [&hellip;]<\/p>\n","protected":false},"author":1,"featured_media":421,"comment_status":"closed","ping_status":"closed","sticky":false,"template":"","format":"standard","meta":{"site-sidebar-layout":"default","site-content-layout":"default","ast-site-content-layout":"default","site-content-style":"default","site-sidebar-style":"default","ast-global-header-display":"","ast-banner-title-visibility":"","ast-main-header-display":"","ast-hfb-above-header-display":"","ast-hfb-below-header-display":"","ast-hfb-mobile-header-display":"","site-post-title":"","ast-breadcrumbs-content":"","ast-featured-img":"","footer-sml-layout":"","ast-disable-related-posts":"","theme-transparent-header-meta":"default","adv-header-id-meta":"","stick-header-meta":"","header-above-stick-meta":"","header-main-stick-meta":"","header-below-stick-meta":"","astra-migrate-meta-layouts":"default","ast-page-background-enabled":"default","ast-page-background-meta":{"desktop":{"background-color":"","background-image":"","background-repeat":"repeat","background-position":"center center","background-size":"auto","background-attachment":"scroll","background-type":"","background-media":"","overlay-type":"","overlay-color":"","overlay-opacity":"","overlay-gradient":""},"tablet":{"background-color":"","background-image":"","background-repeat":"repeat","background-position":"center center","background-size":"auto","background-attachment":"scroll","background-type":"","background-media":"","overlay-type":"","overlay-color":"","overlay-opacity":"","overlay-gradient":""},"mobile":{"background-color":"","background-image":"","background-repeat":"repeat","background-position":"center center","background-size":"auto","background-attachment":"scroll","background-type":"","background-media":"","overlay-type":"","overlay-color":"","overlay-opacity":"","overlay-gradient":""}},"ast-content-background-meta":{"desktop":{"background-color":"var(--ast-global-color-5)","background-image":"","background-repeat":"repeat","background-position":"center center","background-size":"auto","background-attachment":"scroll","background-type":"","background-media":"","overlay-type":"","overlay-color":"","overlay-opacity":"","overlay-gradient":""},"tablet":{"background-color":"var(--ast-global-color-5)","background-image":"","background-repeat":"repeat","background-position":"center center","background-size":"auto","background-attachment":"scroll","background-type":"","background-media":"","overlay-type":"","overlay-color":"","overlay-opacity":"","overlay-gradient":""},"mobile":{"background-color":"var(--ast-global-color-5)","background-image":"","background-repeat":"repeat","background-position":"center center","background-size":"auto","background-attachment":"scroll","background-type":"","background-media":"","overlay-type":"","overlay-color":"","overlay-opacity":"","overlay-gradient":""}},"footnotes":""},"categories":[15],"tags":[],"class_list":["post-420","post","type-post","status-publish","format-standard","has-post-thumbnail","hentry","category-comunicati"],"_links":{"self":[{"href":"https:\/\/www.amicidisanrocco.it\/it\/wp-json\/wp\/v2\/posts\/420","targetHints":{"allow":["GET"]}}],"collection":[{"href":"https:\/\/www.amicidisanrocco.it\/it\/wp-json\/wp\/v2\/posts"}],"about":[{"href":"https:\/\/www.amicidisanrocco.it\/it\/wp-json\/wp\/v2\/types\/post"}],"author":[{"embeddable":true,"href":"https:\/\/www.amicidisanrocco.it\/it\/wp-json\/wp\/v2\/users\/1"}],"replies":[{"embeddable":true,"href":"https:\/\/www.amicidisanrocco.it\/it\/wp-json\/wp\/v2\/comments?post=420"}],"version-history":[{"count":4,"href":"https:\/\/www.amicidisanrocco.it\/it\/wp-json\/wp\/v2\/posts\/420\/revisions"}],"predecessor-version":[{"id":770,"href":"https:\/\/www.amicidisanrocco.it\/it\/wp-json\/wp\/v2\/posts\/420\/revisions\/770"}],"wp:featuredmedia":[{"embeddable":true,"href":"https:\/\/www.amicidisanrocco.it\/it\/wp-json\/wp\/v2\/media\/421"}],"wp:attachment":[{"href":"https:\/\/www.amicidisanrocco.it\/it\/wp-json\/wp\/v2\/media?parent=420"}],"wp:term":[{"taxonomy":"category","embeddable":true,"href":"https:\/\/www.amicidisanrocco.it\/it\/wp-json\/wp\/v2\/categories?post=420"},{"taxonomy":"post_tag","embeddable":true,"href":"https:\/\/www.amicidisanrocco.it\/it\/wp-json\/wp\/v2\/tags?post=420"}],"curies":[{"name":"wp","href":"https:\/\/api.w.org\/{rel}","templated":true}]}}